{"id":24857,"date":"2025-09-03T00:08:54","date_gmt":"2025-09-02T22:08:54","guid":{"rendered":"https:\/\/polarismedia.fr\/?p=24857"},"modified":"2026-07-31T18:27:29","modified_gmt":"2026-07-31T16:27:29","slug":"medecine-et-pharmacopee-chez-les-celtes-un-savoir-ancestral-entre-nature-et-spiritualite","status":"publish","type":"post","link":"https:\/\/polarismedia.fr\/en\/2025\/09\/03\/medecine-et-pharmacopee-chez-les-celtes-un-savoir-ancestral-entre-nature-et-spiritualite\/","title":{"rendered":"M\u00e9decine et pharmacop\u00e9e chez les Celtes : un savoir ancestral entre nature et spiritualit\u00e9"},"content":{"rendered":"<div class=\"wp-block-image\">\n<figure class=\"aligncenter size-large is-resized\"><img data-recalc-dims=\"1\" loading=\"lazy\" decoding=\"async\" width=\"739\" height=\"559\" data-attachment-id=\"24860\" data-permalink=\"https:\/\/polarismedia.fr\/en\/2025\/09\/03\/medecine-et-pharmacopee-chez-les-celtes-un-savoir-ancestral-entre-nature-et-spiritualite\/528148017_574604949066624_4605523488312116382_n\/\" data-orig-file=\"https:\/\/i0.wp.com\/polarismedia.fr\/wp-content\/uploads\/2025\/09\/528148017_574604949066624_4605523488312116382_n.jpg?fit=2048%2C1550&amp;ssl=1\" data-orig-size=\"2048,1550\" data-comments-opened=\"0\" data-image-meta=\"{&quot;aperture&quot;:&quot;0&quot;,&quot;credit&quot;:&quot;&quot;,&quot;camera&quot;:&quot;&quot;,&quot;caption&quot;:&quot;&quot;,&quot;created_timestamp&quot;:&quot;0&quot;,&quot;copyright&quot;:&quot;&quot;,&quot;focal_length&quot;:&quot;0&quot;,&quot;iso&quot;:&quot;0&quot;,&quot;shutter_speed&quot;:&quot;0&quot;,&quot;title&quot;:&quot;&quot;,&quot;orientation&quot;:&quot;0&quot;}\" data-image-title=\"528148017_574604949066624_4605523488312116382_n\" data-image-description=\"\" data-image-caption=\"\" data-large-file=\"https:\/\/i0.wp.com\/polarismedia.fr\/wp-content\/uploads\/2025\/09\/528148017_574604949066624_4605523488312116382_n.jpg?fit=739%2C559&amp;ssl=1\" src=\"https:\/\/i0.wp.com\/polarismedia.fr\/wp-content\/uploads\/2025\/09\/528148017_574604949066624_4605523488312116382_n.jpg?resize=739%2C559&#038;ssl=1\" alt=\"\" class=\"wp-image-24860\" style=\"aspect-ratio:1.3213065598348366;width:613px;height:auto\" \/><\/figure>\n<\/div>\n\n\n<p class=\"wp-block-paragraph\"><\/p>\n\n\n\n<p class=\"has-text-align-justify wp-block-paragraph\">Chez les peuples celtes, la m\u00e9decine et la pharmacop\u00e9e ne relevaient pas d\u2019une science froide et rationnelle telle que nous la connaissons aujourd\u2019hui. Elles \u00e9taient profond\u00e9ment enracin\u00e9es dans une vision du monde o\u00f9 la nature, le sacr\u00e9 et l\u2019exp\u00e9rience empirique se m\u00ealaient. Bien que les sources sur la m\u00e9decine celte soient fragmentaires \u2014 principalement transmises par des r\u00e9cits grecs et romains ou par des textes m\u00e9di\u00e9vaux h\u00e9ritiers de traditions orales \u2014 il est possible de reconstituer certaines pratiques et croyances.<\/p>\n\n\n\n<!--more-->\n\n\n\n<p class=\"wp-block-paragraph\"><img loading=\"lazy\" decoding=\"async\" height=\"16\" width=\"16\" src=\"https:\/\/static.xx.fbcdn.net\/images\/emoji.php\/v9\/tbd\/2\/16\/1f33f.png\" alt=\"\ud83c\udf3f\"> <strong>Le r\u00f4le central des druides<\/strong><\/p>\n\n\n\n<p class=\"has-text-align-justify wp-block-paragraph\">La m\u00e9decine chez les Celtes \u00e9tait \u00e9troitement li\u00e9e \u00e0 la fonction religieuse et savante des druides. Ces figures embl\u00e9matiques \u00e9taient \u00e0 la fois pr\u00eatres, juges, philosophes et gu\u00e9risseurs. Leur savoir \u00e9tait transmis oralement, sur plusieurs d\u00e9cennies d\u2019apprentissage. Les druides connaissaient les vertus des plantes, les rythmes de la nature et les signes du corps. Ils pratiquaient aussi la divination pour guider leurs soins, estimant que les maladies pouvaient \u00eatre caus\u00e9es par des d\u00e9s\u00e9quilibres spirituels ou des influences surnaturelles.<\/p>\n\n\n\n<p class=\"wp-block-paragraph\"><img loading=\"lazy\" decoding=\"async\" height=\"16\" width=\"16\" src=\"https:\/\/static.xx.fbcdn.net\/images\/emoji.php\/v9\/t8f\/2\/16\/1f338.png\" alt=\"\ud83c\udf38\"> <strong>Pharmacop\u00e9e celte : un art v\u00e9g\u00e9tal et rituel<\/strong><\/p>\n\n\n\n<p class=\"has-text-align-justify wp-block-paragraph\">Les Celtes utilisaient une pharmacop\u00e9e principalement bas\u00e9e sur les plantes m\u00e9dicinales, mais aussi les min\u00e9raux et les produits animaux. Parmi les plantes couramment employ\u00e9es, on retrouve :<\/p>\n\n\n\n<p class=\"has-text-align-justify wp-block-paragraph\">Le gui, consid\u00e9r\u00e9 comme sacr\u00e9, notamment lorsqu\u2019il poussait sur un ch\u00eane. Il \u00e9tait cueilli selon des rites stricts et utilis\u00e9 pour ses propri\u00e9t\u00e9s antispasmodiques et anti\u00e9pileptiques.<\/p>\n\n\n\n<p class=\"wp-block-paragraph\">L\u2019armoise, utilis\u00e9e contre les troubles menstruels et comme tonique.<\/p>\n\n\n\n<p class=\"wp-block-paragraph\">La sauge, pour soigner les plaies et infections.<\/p>\n\n\n\n<p class=\"wp-block-paragraph\">L\u2019achill\u00e9e millefeuille, appliqu\u00e9e sur les coupures pour favoriser la cicatrisation.<\/p>\n\n\n\n<p class=\"wp-block-paragraph\">Le millepertuis, pour ses vertus calmantes et anti-inflammatoires.<\/p>\n\n\n\n<p class=\"has-text-align-justify wp-block-paragraph\">Les rem\u00e8des \u00e9taient administr\u00e9s sous forme de d\u00e9coctions, infusions, onguents ou poudres. Leur pr\u00e9paration respectait des phases lunaires et des incantations, car le moment et l\u2019intention \u00e9taient aussi importants que la substance elle-m\u00eame.<\/p>\n\n\n\n<p class=\"wp-block-paragraph\"><img loading=\"lazy\" decoding=\"async\" height=\"16\" width=\"16\" src=\"https:\/\/static.xx.fbcdn.net\/images\/emoji.php\/v9\/t1f\/2\/16\/1f52e.png\" alt=\"\ud83d\udd2e\"> <strong>M\u00e9decine magique et symbolique<\/strong><\/p>\n\n\n\n<p class=\"has-text-align-justify wp-block-paragraph\">La pens\u00e9e celtique ne s\u00e9parait pas le corps de l\u2019esprit. Ainsi, les soins physiques \u00e9taient souvent accompagn\u00e9s de gestes magiques ou de rituels d\u2019invocation. On portait des amulettes grav\u00e9es de symboles protecteurs, on r\u00e9citait des formules sacr\u00e9es, et certains lieux \u2014 comme les sources ou les clairi\u00e8res \u2014 \u00e9taient associ\u00e9s \u00e0 des vertus curatives. Les sanctuaires d\u00e9di\u00e9s \u00e0 des divinit\u00e9s gu\u00e9risseuses, tels que Sirona ou Sucellos, t\u00e9moignent de cette m\u00e9decine holistique o\u00f9 la foi et la nature \u0153uvraient de concert.<\/p>\n\n\n\n<p class=\"wp-block-paragraph\"><img loading=\"lazy\" decoding=\"async\" height=\"16\" width=\"16\" src=\"https:\/\/static.xx.fbcdn.net\/images\/emoji.php\/v9\/t89\/2\/16\/2694.png\" alt=\"\u2694\ufe0f\"> <strong>Chirurgie et traitements corporels<\/strong><\/p>\n\n\n\n<p class=\"has-text-align-justify wp-block-paragraph\">Bien que rudimentaire, la chirurgie existait : on sait que les guerriers bless\u00e9s \u00e9taient pans\u00e9s avec des cataplasmes antiseptiques, parfois caut\u00e9ris\u00e9s. Des traces arch\u00e9ologiques montrent des tr\u00e9panations avec survie du patient, preuve d\u2019un savoir-faire anatomique non n\u00e9gligeable. Les outils utilis\u00e9s \u00e9taient en fer et parfois tr\u00e8s sp\u00e9cialis\u00e9s.<\/p>\n\n\n\n<p class=\"wp-block-paragraph\"><img loading=\"lazy\" decoding=\"async\" height=\"16\" width=\"16\" src=\"https:\/\/static.xx.fbcdn.net\/images\/emoji.php\/v9\/tea\/2\/16\/1f4dc.png\" alt=\"\ud83d\udcdc\"> <strong>Transmission du savoir et h\u00e9ritage<\/strong><\/p>\n\n\n\n<p class=\"has-text-align-justify wp-block-paragraph\">Apr\u00e8s la christianisation, une partie du savoir druidique fut int\u00e9gr\u00e9e dans la m\u00e9decine monastique m\u00e9di\u00e9vale. Certains manuscrits insulaires irlandais ou gallois conservent des \u00e9l\u00e9ments de pharmacop\u00e9e celte, souvent christianis\u00e9s. Les l\u00e9gendes et r\u00e9cits mythologiques, comme ceux de la T\u00e1in B\u00f3 C\u00faailnge ou du Mabinogi, \u00e9voquent des gu\u00e9risons miraculeuses, des baumes myst\u00e9rieux et des pratiques m\u00e9dicales qui sont le reflet d\u2019un monde o\u00f9 la gu\u00e9rison relevait autant du myst\u00e8re que de l\u2019observation.<\/p>\n\n\n\n<p class=\"wp-block-paragraph\"><img loading=\"lazy\" decoding=\"async\" height=\"16\" width=\"16\" src=\"https:\/\/static.xx.fbcdn.net\/images\/emoji.php\/v9\/td2\/2\/16\/1f319.png\" alt=\"\ud83c\udf19\"> <strong>Conclusion : une m\u00e9decine de l\u2019harmonie<\/strong><\/p>\n\n\n\n<p class=\"has-text-align-justify wp-block-paragraph\">La m\u00e9decine et la pharmacop\u00e9e des Celtes r\u00e9v\u00e8lent une relation intime avec les \u00e9l\u00e9ments naturels et une approche globale de la sant\u00e9. Si leur savoir semble parfois obscur ou folklorique, il t\u00e9moigne d\u2019un \u00e9quilibre entre le corps, l\u2019esprit et la nature, une vision qui, dans notre monde moderne, regagne en consid\u00e9ration. Red\u00e9couvrir cette sagesse ancienne, c\u2019est peut-\u00eatre renouer avec une part oubli\u00e9e de notre rapport au vivant.<\/p>\n\n\n\n<p class=\"wp-block-paragraph\">\u00c0 lire :<\/p>\n\n\n\n<figure class=\"wp-block-gallery has-nested-images columns-default is-cropped wp-block-gallery-1 is-layout-flex wp-block-gallery-is-layout-flex\">\n<figure class=\"wp-block-image size-large\"><img data-recalc-dims=\"1\" loading=\"lazy\" decoding=\"async\" width=\"739\" height=\"956\" data-attachment-id=\"24862\" data-permalink=\"https:\/\/polarismedia.fr\/en\/2025\/09\/03\/medecine-et-pharmacopee-chez-les-celtes-un-savoir-ancestral-entre-nature-et-spiritualite\/71zkppnrrbl-_sl1500_\/\" data-orig-file=\"https:\/\/i0.wp.com\/polarismedia.fr\/wp-content\/uploads\/2025\/09\/71zkppnrrbl._sl1500_.jpg?fit=1160%2C1500&amp;ssl=1\" data-orig-size=\"1160,1500\" data-comments-opened=\"0\" data-image-meta=\"{&quot;aperture&quot;:&quot;0&quot;,&quot;credit&quot;:&quot;&quot;,&quot;camera&quot;:&quot;&quot;,&quot;caption&quot;:&quot;&quot;,&quot;created_timestamp&quot;:&quot;0&quot;,&quot;copyright&quot;:&quot;&quot;,&quot;focal_length&quot;:&quot;0&quot;,&quot;iso&quot;:&quot;0&quot;,&quot;shutter_speed&quot;:&quot;0&quot;,&quot;title&quot;:&quot;&quot;,&quot;orientation&quot;:&quot;0&quot;}\" data-image-title=\"71ZkPpNRrbL._SL1500_\" data-image-description=\"\" data-image-caption=\"\" data-large-file=\"https:\/\/i0.wp.com\/polarismedia.fr\/wp-content\/uploads\/2025\/09\/71zkppnrrbl._sl1500_.jpg?fit=739%2C956&amp;ssl=1\" data-id=\"24862\" src=\"https:\/\/i0.wp.com\/polarismedia.fr\/wp-content\/uploads\/2025\/09\/71zkppnrrbl._sl1500_.jpg?resize=739%2C956&#038;ssl=1\" alt=\"\" class=\"wp-image-24862\" \/><\/figure>\n\n\n\n<figure class=\"wp-block-image size-large\"><img data-recalc-dims=\"1\" loading=\"lazy\" decoding=\"async\" width=\"739\" height=\"1186\" data-attachment-id=\"24863\" data-permalink=\"https:\/\/polarismedia.fr\/en\/2025\/09\/03\/medecine-et-pharmacopee-chez-les-celtes-un-savoir-ancestral-entre-nature-et-spiritualite\/81bup3bykl-_sl1500_\/\" data-orig-file=\"https:\/\/i0.wp.com\/polarismedia.fr\/wp-content\/uploads\/2025\/09\/81bup3bykl._sl1500_.jpg?fit=935%2C1500&amp;ssl=1\" data-orig-size=\"935,1500\" data-comments-opened=\"0\" data-image-meta=\"{&quot;aperture&quot;:&quot;0&quot;,&quot;credit&quot;:&quot;&quot;,&quot;camera&quot;:&quot;&quot;,&quot;caption&quot;:&quot;&quot;,&quot;created_timestamp&quot;:&quot;0&quot;,&quot;copyright&quot;:&quot;&quot;,&quot;focal_length&quot;:&quot;0&quot;,&quot;iso&quot;:&quot;0&quot;,&quot;shutter_speed&quot;:&quot;0&quot;,&quot;title&quot;:&quot;&quot;,&quot;orientation&quot;:&quot;0&quot;}\" data-image-title=\"81b+Up3BykL._SL1500_\" data-image-description=\"\" data-image-caption=\"\" data-large-file=\"https:\/\/i0.wp.com\/polarismedia.fr\/wp-content\/uploads\/2025\/09\/81bup3bykl._sl1500_.jpg?fit=638%2C1024&amp;ssl=1\" data-id=\"24863\" src=\"https:\/\/i0.wp.com\/polarismedia.fr\/wp-content\/uploads\/2025\/09\/81bup3bykl._sl1500_.jpg?resize=739%2C1186&#038;ssl=1\" alt=\"\" class=\"wp-image-24863\" \/><\/figure>\n<\/figure>","protected":false},"excerpt":{"rendered":"<p>Chez les peuples celtes, la m\u00e9decine et la pharmacop\u00e9e ne relevaient pas d\u2019une science froide et rationnelle telle que nous la connaissons aujourd\u2019hui. Elles \u00e9taient profond\u00e9ment enracin\u00e9es dans une vision du monde o\u00f9 la nature, le sacr\u00e9 et l\u2019exp\u00e9rience empirique se m\u00ealaient. Bien que les sources sur la m\u00e9decine celte soient fragmentaires \u2014 principalement transmises&hellip; <a class=\"more-link\" href=\"https:\/\/polarismedia.fr\/en\/2025\/09\/03\/medecine-et-pharmacopee-chez-les-celtes-un-savoir-ancestral-entre-nature-et-spiritualite\/\">Continue reading <span class=\"screen-reader-text\">M\u00e9decine et pharmacop\u00e9e chez les Celtes : un savoir ancestral entre nature et spiritualit\u00e9<\/span> <span class=\"meta-nav\" aria-hidden=\"true\">&rarr;<\/span><\/a><\/p>","protected":false},"author":224971662,"featured_media":0,"comment_status":"closed","ping_status":"closed","sticky":false,"template":"","format":"standard","meta":{"advanced_seo_description":"","jetpack_seo_html_title":"","jetpack_seo_noindex":false,"jetpack_seo_schema_type":"","_jetpack_newsletter_access":"","_jetpack_dont_email_post_to_subs":false,"_jetpack_newsletter_tier_id":0,"_jetpack_memberships_contains_paywalled_content":false,"_wpcom_ai_launchpad_first_post":false,"_jetpack_feature_clip_id":0,"_jetpack_memberships_contains_paid_content":false,"footnotes":"","jetpack_publicize_message":"","jetpack_publicize_feature_enabled":true,"jetpack_social_post_already_shared":false,"jetpack_social_options":{"image_generator_settings":{"template":"highway","default_image_id":0,"font":"","enabled":false},"version":2},"jetpack_post_was_ever_published":false},"categories":[790809752],"tags":[],"class_list":["post-24857","post","type-post","status-publish","format-standard","hentry","category-monde-gaelique"],"jetpack_publicize_connections":[],"jetpack_likes_enabled":true,"jetpack_sharing_enabled":true,"jetpack_shortlink":"https:\/\/wp.me\/pebSjk-6sV","jetpack-related-posts":[],"jetpack_featured_media_url":"","_links":{"self":[{"href":"https:\/\/polarismedia.fr\/en\/wp-json\/wp\/v2\/posts\/24857","targetHints":{"allow":["GET"]}}],"collection":[{"href":"https:\/\/polarismedia.fr\/en\/wp-json\/wp\/v2\/posts"}],"about":[{"href":"https:\/\/polarismedia.fr\/en\/wp-json\/wp\/v2\/types\/post"}],"author":[{"embeddable":true,"href":"https:\/\/polarismedia.fr\/en\/wp-json\/wp\/v2\/users\/224971662"}],"replies":[{"embeddable":true,"href":"https:\/\/polarismedia.fr\/en\/wp-json\/wp\/v2\/comments?post=24857"}],"version-history":[{"count":4,"href":"https:\/\/polarismedia.fr\/en\/wp-json\/wp\/v2\/posts\/24857\/revisions"}],"predecessor-version":[{"id":24864,"href":"https:\/\/polarismedia.fr\/en\/wp-json\/wp\/v2\/posts\/24857\/revisions\/24864"}],"wp:attachment":[{"href":"https:\/\/polarismedia.fr\/en\/wp-json\/wp\/v2\/media?parent=24857"}],"wp:term":[{"taxonomy":"category","embeddable":true,"href":"https:\/\/polarismedia.fr\/en\/wp-json\/wp\/v2\/categories?post=24857"},{"taxonomy":"post_tag","embeddable":true,"href":"https:\/\/polarismedia.fr\/en\/wp-json\/wp\/v2\/tags?post=24857"}],"curies":[{"name":"wp","href":"https:\/\/api.w.org\/{rel}","templated":true}]}}